{"id":178,"date":"2020-03-01T14:40:06","date_gmt":"2020-03-01T14:40:06","guid":{"rendered":"http:\/\/oldtimerklub-varazdin.hr\/?p=178"},"modified":"2020-03-02T07:50:03","modified_gmt":"2020-03-02T07:50:03","slug":"sastanak-01-03-2020","status":"publish","type":"post","link":"https:\/\/oldtimerklub-varazdin.hr\/?p=178","title":{"rendered":"Sastanak 01.03.2020."},"content":{"rendered":"\n<p>Na sjajno posje\u0107enom sastanku kojem je prisustvovalo 30 starih i novih \u010dlanova, me\u0111u kojima trenutni i dva pro\u0161la predsjednika kluba, nakon uvodnih rje\u0161avanja pla\u0107anja \u010dlanarina novih i postoje\u0107ih \u010dlanova krenulo se s upoznavanjem prisutnih s novostima.<\/p>\n\n\n\n<p>Izme\u0111u ostaloga, o prisustvu kod predstavljanja knjige Martina Lukave\u010dkog (Oteto zaboravu), radu na novim web stranicama kluba i novostima koje se tamo mogu prona\u0107i kao i o ideji predstavljanja vozila koje \u010dlanovi kluba imaju na tim istim stranicama.<\/p>\n\n\n\n<p>Sastanci petkom zasad idu dalje. Tko je bio na sastancima pro\u0161li mjesec mo\u017eete prona\u0107i u novostima. Posebno bi spomenuli Tomislava Ru\u017ei\u0107 i Kre\u0161u \u0160imuni\u0107a koji su bili prisutni na svima.<\/p>\n\n\n\n<p>Bilo je spomena sajma koji \u0107e biti odr\u017ean 29.03. u Sv. Nedjelji u organizaciji Oldtimer kluba &#8220;Stari kota\u010di&#8221; kao i dva sajma po\u010detkom 4. mjeseca (Reggio Emilia i Ljutomer).<\/p>\n\n\n\n<p>Otvaranje sezone je 3. vikend u 4. mjesecu, i to vrlo vjerojatno nedjelja.<\/p>\n\n\n\n<p>Sve prisutne je po\u010dastio g. Kereti\u0107.<\/p>\n","protected":false},"excerpt":{"rendered":"<p>Na sjajno posje\u0107enom sastanku kojem je prisustvovalo 30 starih i novih \u010dlanova, me\u0111u kojima trenutni i dva pro\u0161la predsjednika kluba,&#8230;<\/p>\n","protected":false},"author":1,"featured_media":184,"comment_status":"open","ping_status":"open","sticky":false,"template":"","format":"standard","meta":{"footnotes":""},"categories":[3],"tags":[],"class_list":["post-178","post","type-post","status-publish","format-standard","has-post-thumbnail","hentry","category-klub"],"_links":{"self":[{"href":"https:\/\/oldtimerklub-varazdin.hr\/index.php?rest_route=\/wp\/v2\/posts\/178","targetHints":{"allow":["GET"]}}],"collection":[{"href":"https:\/\/oldtimerklub-varazdin.hr\/index.php?rest_route=\/wp\/v2\/posts"}],"about":[{"href":"https:\/\/oldtimerklub-varazdin.hr\/index.php?rest_route=\/wp\/v2\/types\/post"}],"author":[{"embeddable":true,"href":"https:\/\/oldtimerklub-varazdin.hr\/index.php?rest_route=\/wp\/v2\/users\/1"}],"replies":[{"embeddable":true,"href":"https:\/\/oldtimerklub-varazdin.hr\/index.php?rest_route=%2Fwp%2Fv2%2Fcomments&post=178"}],"version-history":[{"count":2,"href":"https:\/\/oldtimerklub-varazdin.hr\/index.php?rest_route=\/wp\/v2\/posts\/178\/revisions"}],"predecessor-version":[{"id":183,"href":"https:\/\/oldtimerklub-varazdin.hr\/index.php?rest_route=\/wp\/v2\/posts\/178\/revisions\/183"}],"wp:featuredmedia":[{"embeddable":true,"href":"https:\/\/oldtimerklub-varazdin.hr\/index.php?rest_route=\/wp\/v2\/media\/184"}],"wp:attachment":[{"href":"https:\/\/oldtimerklub-varazdin.hr\/index.php?rest_route=%2Fwp%2Fv2%2Fmedia&parent=178"}],"wp:term":[{"taxonomy":"category","embeddable":true,"href":"https:\/\/oldtimerklub-varazdin.hr\/index.php?rest_route=%2Fwp%2Fv2%2Fcategories&post=178"},{"taxonomy":"post_tag","embeddable":true,"href":"https:\/\/oldtimerklub-varazdin.hr\/index.php?rest_route=%2Fwp%2Fv2%2Ftags&post=178"}],"curies":[{"name":"wp","href":"https:\/\/api.w.org\/{rel}","templated":true}]}}